{"id":783,"date":"2018-06-12T10:52:13","date_gmt":"2018-06-12T08:52:13","guid":{"rendered":"http:\/\/www.fegimotor.es\/?p=783"},"modified":"2018-06-12T10:57:00","modified_gmt":"2018-06-12T08:57:00","slug":"la-quinta-generacion-del-honda-cr-v","status":"publish","type":"post","link":"https:\/\/www.fegimotor.es\/index.php\/2018\/06\/12\/la-quinta-generacion-del-honda-cr-v\/","title":{"rendered":"la quinta generaci\u00f3n del Honda CR-V"},"content":{"rendered":"\t\t<div data-elementor-type=\"post\" data-elementor-id=\"783\" class=\"elementor elementor-783 elementor-bc-flex-widget\" data-elementor-settings=\"[]\">\n\t\t\t<div class=\"elementor-inner\">\n\t\t\t\t<div class=\"elementor-section-wrap\">\n\t\t\t\t\t\t\t<section class=\"elementor-element elementor-element-8526755 elementor-section-boxed elementor-section-height-default elementor-section-height-default elementor-section elementor-top-section\" data-id=\"8526755\" data-element_type=\"section\">\n\t\t\t\t\t\t<div class=\"elementor-container elementor-column-gap-default\">\n\t\t\t\t<div class=\"elementor-row\">\n\t\t\t\t<div class=\"elementor-element elementor-element-ceda4ae elementor-column elementor-col-100 elementor-top-column\" data-id=\"ceda4ae\" data-element_type=\"column\">\n\t\t\t<div class=\"elementor-column-wrap  elementor-element-populated\">\n\t\t\t\t\t<div class=\"elementor-widget-wrap\">\n\t\t\t\t<div class=\"elementor-element elementor-element-5edf4c3 elementor-widget elementor-widget-heading\" data-id=\"5edf4c3\" data-element_type=\"widget\" data-widget_type=\"heading.default\">\n\t\t\t\t<div class=\"elementor-widget-container\">\n\t\t\t<h1 class=\"elementor-heading-title elementor-size-default\">la quinta generaci\u00f3n del Honda CR-V\n<\/h1>\t\t<\/div>\n\t\t\t\t<\/div>\n\t\t\t\t\t\t<\/div>\n\t\t\t<\/div>\n\t\t<\/div>\n\t\t\t\t\t\t<\/div>\n\t\t\t<\/div>\n\t\t<\/section>\n\t\t\t\t<section class=\"elementor-element elementor-element-887fad0 elementor-section-boxed elementor-section-height-default elementor-section-height-default elementor-section elementor-top-section\" data-id=\"887fad0\" data-element_type=\"section\">\n\t\t\t\t\t\t<div class=\"elementor-container elementor-column-gap-default\">\n\t\t\t\t<div class=\"elementor-row\">\n\t\t\t\t<div class=\"elementor-element elementor-element-c01105e elementor-column elementor-col-50 elementor-top-column\" data-id=\"c01105e\" data-element_type=\"column\">\n\t\t\t<div class=\"elementor-column-wrap  elementor-element-populated\">\n\t\t\t\t\t<div class=\"elementor-widget-wrap\">\n\t\t\t\t<div class=\"elementor-element elementor-element-5a50d94 elementor-widget elementor-widget-text-editor\" data-id=\"5a50d94\" data-element_type=\"widget\" data-widget_type=\"text-editor.default\">\n\t\t\t\t<div class=\"elementor-widget-container\">\n\t\t\t\t\t<div class=\"elementor-text-editor elementor-clearfix\"><p style=\"text-align: center;\">La quinta generaci\u00f3n del\u00a0<strong>Honda CR-V<\/strong>, presentada en el\u00a0<strong>Sal\u00f3n de Ginebra 2018<\/strong>, ya est\u00e1 lista. El SUV de Honda llegar\u00e1 al mercado europeo este oto\u00f1o y lo har\u00e1 asociado al propulsor de\u00a0<strong>gasolina VTEC turbo de 1.5 litros<\/strong>\u00a0y con versiones de\u00a0<strong>cinco y siete plazas<\/strong>. Tal y como se esperaba, los motores di\u00e9sel pasan a mejor vida en su oferta mec\u00e1nica, pero contar\u00e1 con una\u00a0<strong>opci\u00f3n h\u00edbrida<\/strong>\u00a0que se lanzar\u00e1 en 2019, aunque s\u00f3lo en variante de cinco plazas.<\/p><\/div>\n\t\t\t\t<\/div>\n\t\t\t\t<\/div>\n\t\t\t\t\t\t<\/div>\n\t\t\t<\/div>\n\t\t<\/div>\n\t\t\t\t<div class=\"elementor-element elementor-element-cf089dd elementor-column elementor-col-50 elementor-top-column\" data-id=\"cf089dd\" data-element_type=\"column\">\n\t\t\t<div class=\"elementor-column-wrap  elementor-element-populated\">\n\t\t\t\t\t<div class=\"elementor-widget-wrap\">\n\t\t\t\t<div class=\"elementor-element elementor-element-53f2b0e elementor-widget elementor-widget-image-carousel\" data-id=\"53f2b0e\" data-element_type=\"widget\" data-settings=\"{&quot;slides_to_show&quot;:&quot;1&quot;,&quot;navigation&quot;:&quot;both&quot;,&quot;pause_on_hover&quot;:&quot;yes&quot;,&quot;autoplay&quot;:&quot;yes&quot;,&quot;autoplay_speed&quot;:5000,&quot;infinite&quot;:&quot;yes&quot;,&quot;effect&quot;:&quot;slide&quot;,&quot;speed&quot;:500,&quot;direction&quot;:&quot;ltr&quot;}\" data-widget_type=\"image-carousel.default\">\n\t\t\t\t<div class=\"elementor-widget-container\">\n\t\t\t\t\t<div class=\"elementor-image-carousel-wrapper elementor-slick-slider\" dir=\"ltr\">\n\t\t\t<div class=\"elementor-image-carousel slick-arrows-inside slick-dots-outside\">\n\t\t\t\t<div class=\"slick-slide\"><figure class=\"slick-slide-inner\"><img class=\"slick-slide-image\" src=\"https:\/\/www.fegimotor.es\/wp-content\/uploads\/2018\/06\/1366_2000-1.jpg\" alt=\"1366_2000 (1)\" \/><\/figure><\/div><div class=\"slick-slide\"><figure class=\"slick-slide-inner\"><img class=\"slick-slide-image\" src=\"https:\/\/www.fegimotor.es\/wp-content\/uploads\/2018\/06\/1366_2000-2.jpg\" alt=\"1366_2000 (2)\" \/><\/figure><\/div><div class=\"slick-slide\"><figure class=\"slick-slide-inner\"><img class=\"slick-slide-image\" src=\"https:\/\/www.fegimotor.es\/wp-content\/uploads\/2018\/06\/1366_2000-3.jpg\" alt=\"1366_2000 (3)\" \/><\/figure><\/div><div class=\"slick-slide\"><figure class=\"slick-slide-inner\"><img class=\"slick-slide-image\" src=\"https:\/\/www.fegimotor.es\/wp-content\/uploads\/2018\/06\/1366_2000.jpg\" alt=\"1366_2000\" \/><\/figure><\/div>\t\t\t<\/div>\n\t\t<\/div>\n\t\t\t\t<\/div>\n\t\t\t\t<\/div>\n\t\t\t\t\t\t<\/div>\n\t\t\t<\/div>\n\t\t<\/div>\n\t\t\t\t\t\t<\/div>\n\t\t\t<\/div>\n\t\t<\/section>\n\t\t\t\t<section class=\"elementor-element elementor-element-3ba6aeb elementor-section-boxed elementor-section-height-default elementor-section-height-default elementor-section elementor-top-section\" data-id=\"3ba6aeb\" data-element_type=\"section\">\n\t\t\t\t\t\t<div class=\"elementor-container elementor-column-gap-default\">\n\t\t\t\t<div class=\"elementor-row\">\n\t\t\t\t<div class=\"elementor-element elementor-element-711dd04 elementor-column elementor-col-100 elementor-top-column\" data-id=\"711dd04\" data-element_type=\"column\">\n\t\t\t<div class=\"elementor-column-wrap  elementor-element-populated\">\n\t\t\t\t\t<div class=\"elementor-widget-wrap\">\n\t\t\t\t<div class=\"elementor-element elementor-element-77f01d4 elementor-widget elementor-widget-image\" data-id=\"77f01d4\" data-element_type=\"widget\" data-widget_type=\"image.default\">\n\t\t\t\t<div class=\"elementor-widget-container\">\n\t\t\t\t\t<div class=\"elementor-image\">\n\t\t\t\t\t\t\t\t\t\t<img width=\"900\" height=\"568\" src=\"https:\/\/www.fegimotor.es\/wp-content\/uploads\/2018\/06\/imagegallery-51796-5b0fdc81e054f-1024x646.jpg\" class=\"attachment-large size-large\" alt=\"\" loading=\"lazy\" srcset=\"https:\/\/www.fegimotor.es\/wp-content\/uploads\/2018\/06\/imagegallery-51796-5b0fdc81e054f-1024x646.jpg 1024w, https:\/\/www.fegimotor.es\/wp-content\/uploads\/2018\/06\/imagegallery-51796-5b0fdc81e054f-300x189.jpg 300w, https:\/\/www.fegimotor.es\/wp-content\/uploads\/2018\/06\/imagegallery-51796-5b0fdc81e054f-768x485.jpg 768w, https:\/\/www.fegimotor.es\/wp-content\/uploads\/2018\/06\/imagegallery-51796-5b0fdc81e054f-600x379.jpg 600w, https:\/\/www.fegimotor.es\/wp-content\/uploads\/2018\/06\/imagegallery-51796-5b0fdc81e054f.jpg 1268w\" sizes=\"(max-width: 900px) 100vw, 900px\" \/>\t\t\t\t\t\t\t\t\t\t\t<\/div>\n\t\t\t\t<\/div>\n\t\t\t\t<\/div>\n\t\t\t\t\t\t<\/div>\n\t\t\t<\/div>\n\t\t<\/div>\n\t\t\t\t\t\t<\/div>\n\t\t\t<\/div>\n\t\t<\/section>\n\t\t\t\t\t\t<\/div>\n\t\t\t<\/div>\n\t\t<\/div>\n\t\t","protected":false},"excerpt":{"rendered":"<p>la quinta generaci\u00f3n del Honda CR-V La quinta generaci\u00f3n del\u00a0Honda CR-V, presentada en el\u00a0Sal\u00f3n de Ginebra 2018, ya est\u00e1 lista. El SUV de Honda llegar\u00e1 al mercado europeo este oto\u00f1o y lo har\u00e1 asociado al propulsor de\u00a0gasolina VTEC turbo de 1.5 litros\u00a0y con versiones de\u00a0cinco y siete plazas. Tal y<\/p>\n","protected":false},"author":1,"featured_media":784,"comment_status":"closed","ping_status":"open","sticky":false,"template":"","format":"standard","meta":{"spay_email":"","jetpack_publicize_message":""},"categories":[6],"tags":[],"jetpack_featured_media_url":"https:\/\/www.fegimotor.es\/wp-content\/uploads\/2018\/06\/1366_2000-1.jpg","jetpack_publicize_connections":[],"jetpack_sharing_enabled":true,"jetpack_shortlink":"https:\/\/wp.me\/p9oLOK-cD","_links":{"self":[{"href":"https:\/\/www.fegimotor.es\/index.php\/wp-json\/wp\/v2\/posts\/783"}],"collection":[{"href":"https:\/\/www.fegimotor.es\/index.php\/wp-json\/wp\/v2\/posts"}],"about":[{"href":"https:\/\/www.fegimotor.es\/index.php\/wp-json\/wp\/v2\/types\/post"}],"author":[{"embeddable":true,"href":"https:\/\/www.fegimotor.es\/index.php\/wp-json\/wp\/v2\/users\/1"}],"replies":[{"embeddable":true,"href":"https:\/\/www.fegimotor.es\/index.php\/wp-json\/wp\/v2\/comments?post=783"}],"version-history":[{"count":2,"href":"https:\/\/www.fegimotor.es\/index.php\/wp-json\/wp\/v2\/posts\/783\/revisions"}],"predecessor-version":[{"id":791,"href":"https:\/\/www.fegimotor.es\/index.php\/wp-json\/wp\/v2\/posts\/783\/revisions\/791"}],"wp:featuredmedia":[{"embeddable":true,"href":"https:\/\/www.fegimotor.es\/index.php\/wp-json\/wp\/v2\/media\/784"}],"wp:attachment":[{"href":"https:\/\/www.fegimotor.es\/index.php\/wp-json\/wp\/v2\/media?parent=783"}],"wp:term":[{"taxonomy":"category","embeddable":true,"href":"https:\/\/www.fegimotor.es\/index.php\/wp-json\/wp\/v2\/categories?post=783"},{"taxonomy":"post_tag","embeddable":true,"href":"https:\/\/www.fegimotor.es\/index.php\/wp-json\/wp\/v2\/tags?post=783"}],"curies":[{"name":"wp","href":"https:\/\/api.w.org\/{rel}","templated":true}]}}