{"id":505,"date":"2017-12-19T15:26:32","date_gmt":"2017-12-19T15:26:32","guid":{"rendered":"http:\/\/www.fegimotor.es\/?p=505"},"modified":"2017-12-19T15:26:32","modified_gmt":"2017-12-19T15:26:32","slug":"v-edicion-premios-almeria","status":"publish","type":"post","link":"https:\/\/www.fegimotor.es\/index.php\/2017\/12\/19\/v-edicion-premios-almeria\/","title":{"rendered":"V EDICION PREMIOS ALMERIA"},"content":{"rendered":"<p>El Auditorio Maestro Padilla vivi\u00f3 una velada m\u00e1gica en la que algunas de las personalidades m\u00e1s relevantes para el desarrollo de la ciudad ha recibido un merecido homenaje de parte de una sociedad que les paga de esta manera su gran contribuci\u00f3n.<\/p>\n<p>La V edici\u00f3n de los Premios Almer\u00eda que otorga La Voz de Almer\u00eda y la Cadena Ser, el premio de Empresa fue para GRUPO SAVERES, un grupo automovil\u00edstico quien recogi\u00f3 el premio D. Antonio Fern\u00e1ndez.<\/p>\n<p>&nbsp;<\/p>\n<p>&nbsp;<\/p>\n","protected":false},"excerpt":{"rendered":"<p>El Auditorio Maestro Padilla vivi\u00f3 una velada m\u00e1gica en la que algunas de las personalidades m\u00e1s relevantes para el desarrollo de la ciudad ha recibido un merecido homenaje de parte de una sociedad que les paga de esta manera su gran contribuci\u00f3n. La V edici\u00f3n de los Premios Almer\u00eda que<\/p>\n","protected":false},"author":2,"featured_media":509,"comment_status":"closed","ping_status":"open","sticky":false,"template":"","format":"standard","meta":{"spay_email":"","jetpack_publicize_message":""},"categories":[6],"tags":[],"jetpack_featured_media_url":"https:\/\/www.fegimotor.es\/wp-content\/uploads\/2017\/12\/premios-voz-de-almeria-4.jpg","jetpack_publicize_connections":[],"jetpack_sharing_enabled":true,"jetpack_shortlink":"https:\/\/wp.me\/p9oLOK-89","_links":{"self":[{"href":"https:\/\/www.fegimotor.es\/index.php\/wp-json\/wp\/v2\/posts\/505"}],"collection":[{"href":"https:\/\/www.fegimotor.es\/index.php\/wp-json\/wp\/v2\/posts"}],"about":[{"href":"https:\/\/www.fegimotor.es\/index.php\/wp-json\/wp\/v2\/types\/post"}],"author":[{"embeddable":true,"href":"https:\/\/www.fegimotor.es\/index.php\/wp-json\/wp\/v2\/users\/2"}],"replies":[{"embeddable":true,"href":"https:\/\/www.fegimotor.es\/index.php\/wp-json\/wp\/v2\/comments?post=505"}],"version-history":[{"count":1,"href":"https:\/\/www.fegimotor.es\/index.php\/wp-json\/wp\/v2\/posts\/505\/revisions"}],"predecessor-version":[{"id":510,"href":"https:\/\/www.fegimotor.es\/index.php\/wp-json\/wp\/v2\/posts\/505\/revisions\/510"}],"wp:featuredmedia":[{"embeddable":true,"href":"https:\/\/www.fegimotor.es\/index.php\/wp-json\/wp\/v2\/media\/509"}],"wp:attachment":[{"href":"https:\/\/www.fegimotor.es\/index.php\/wp-json\/wp\/v2\/media?parent=505"}],"wp:term":[{"taxonomy":"category","embeddable":true,"href":"https:\/\/www.fegimotor.es\/index.php\/wp-json\/wp\/v2\/categories?post=505"},{"taxonomy":"post_tag","embeddable":true,"href":"https:\/\/www.fegimotor.es\/index.php\/wp-json\/wp\/v2\/tags?post=505"}],"curies":[{"name":"wp","href":"https:\/\/api.w.org\/{rel}","templated":true}]}}